{"id":58,"date":"2008-06-24T11:41:56","date_gmt":"2008-06-24T09:41:56","guid":{"rendered":"https:\/\/nbox.org\/ze\/?p=58"},"modified":"2008-06-24T11:41:56","modified_gmt":"2008-06-24T09:41:56","slug":"dapres-france-inter-je-suis-un-pirate","status":"publish","type":"post","link":"https:\/\/blogs.nbox.org\/ze\/2008\/06\/24\/dapres-france-inter-je-suis-un-pirate\/","title":{"rendered":"D&rsquo;apr\u00e8s France Inter : Je suis un pirate !"},"content":{"rendered":"<p>Le 19 juin 2008 dans <a title=\"Emission au format Real\" href=\"http:\/\/www.tv-radio.com\/ondemand\/france_inter\/ESPRIT\/ESPRIT20080619.ram\" target=\"_blank\">l&rsquo;\u00e9mission \u201cL\u2019esprit critique\u201d sur France Inter<\/a> (juste apr\u00e8s la 14\u00e8me minute) vous auriez pu entendre:<\/p>\n<blockquote><p>\u00ab\u00a0Aujourd\u2019hui il y a une loi, d\u00e9j\u00e0, mais qui est difficilement applicable. On risque 300000 euros d\u2019amende et jusqu\u2019\u00e0 3 ans de prison, enfin ce sont les gros pirates qui risquent, ceux qui mettent en ligne les logiciels libres, les autres, les internautes, peuvent payer de plus petites amendes.\u00a0\u00bb Par La journaliste Aur\u00e9lie Charon.<\/p><\/blockquote>\n<p>Oui oui vous avez bien lu (et peut \u00eatre entendu).<\/p>\n<p>Voici le mail que j&rsquo;ai envoy\u00e9 au <a title=\"\u00c9crire au m\u00e9diateur de France Inter\" href=\"http:\/\/www.radiofrance.fr\/franceinter\/radio\/ecr\/\" target=\"_blank\">m\u00e9diateur<\/a>:<\/p>\n<blockquote><p>Bonjour,<\/p>\n<p>Sujet: l\u2019\u00e9mission \u201cL\u2019esprit critique\u201d sur France inter du 19\/06\/2008.<\/p>\n<p>Dans cette \u00e9mission j&rsquo;ai pu entendre:<br \/>\n\u00ab\u00a0Aujourd\u2019hui il y a une loi, d\u00e9j\u00e0, mais qui est difficilement applicable. On risque 300000 euros d\u2019amende et jusqu\u2019\u00e0 3 ans de prison, enfin ce sont les gros pirates qui risquent, ceux qui mettent en ligne les logiciels libres, les autres, les internautes, peuvent payer de plus petites amendes.\u00a0\u00bb<\/p>\n<p>Je pense que cette b\u00e9vues m\u00e9rite au moins une correction en bonne et du forme. Vous venez d&rsquo;insulter des milliers de personnes qui de part le monde n&rsquo;ont de cesse de d\u00e9velopper des logiciels de qualit\u00e9s et de permettre \u00e0 l&rsquo;humanit\u00e9 de profiter de ces programmes librement.<\/p>\n<p>J&rsquo;ajoute que la \u00ab\u00a0\u00a0\u00bbcorrection\u00a0\u00bb\u00a0\u00bb apport\u00e9 dans un des commentaires est tout aussi inexact&#8230; Le probl\u00e8me n&rsquo;est pas le logiciel ou le protocole qui permet un \u00e9change de fichier ill\u00e9gal. Ce m\u00eame protocole sert bien plus souvent \u00e0 des \u00e9changes qui sont l\u00e9gaux.<\/p>\n<p>Avec ce genre de raccourcis votre site internet fermera bient\u00f4t car potentiellement on peut \u00e9changer des fichier ill\u00e9gaux via le web (HTTP).<\/p>\n<p>Je vous remercie de bien vouloir consacrer un peu de temps \u00e0 l&rsquo;information des journalistes de France Inter voire de Radio France en g\u00e9n\u00e9ral afin d&rsquo;\u00e9viter de dire n&rsquo;importe quoi.<\/p>\n<p>Librement,<\/p><\/blockquote>\n<p>Ce billet aurai du \u00eatre publi\u00e9 il y a quelques jours mais l&rsquo;alimentation du serveur n&rsquo;a pas surv\u00e9cu \u00e0 cette \u00e9coute \ud83d\ude42<\/p>\n<p><strong>\u00c9dit:<\/strong> Apparemment un rectificatif a \u00e9t\u00e9 apport\u00e9 lors de l&rsquo;\u00e9mission de <a title=\"\u00c9mission du 24\/06\/2008 au format real\" href=\"http:\/\/www.tv-radio.com\/ondemand\/france_inter\/ESPRIT\/ESPRIT20080624.ram\">ce mardi (24 juin 2008)<\/a>. Pour l&rsquo;instant je n&rsquo;arrive pas \u00e0 \u00e9couter l&rsquo;enregistrement&#8230; <a title=\"Formats Ouverts point org\" href=\"http:\/\/www.formats-ouverts.org\/\" target=\"_blank\">format de merde<\/a>&#8230;<\/p>\n<p><strong>\u00c9dit:<\/strong> Bon j&rsquo;ai pu le lire mais je ne trouve aucune trace d&rsquo;une rectification&#8230; :'(<\/p>\n","protected":false},"excerpt":{"rendered":"<p>Le 19 juin 2008 dans l&rsquo;\u00e9mission \u201cL\u2019esprit critique\u201d sur France Inter (juste apr\u00e8s la 14\u00e8me minute) vous auriez pu entendre: \u00ab\u00a0Aujourd\u2019hui il y a une loi, d\u00e9j\u00e0, mais qui est difficilement applicable. On risque 300000 euros d\u2019amende et jusqu\u2019\u00e0 3 ans de prison, enfin ce sont les gros pirates qui risquent, ceux qui mettent en [&hellip;]<\/p>\n","protected":false},"author":1,"featured_media":0,"comment_status":"open","ping_status":"open","sticky":false,"template":"","format":"standard","meta":{"_jetpack_memberships_contains_paid_content":false,"footnotes":""},"categories":[6,11],"tags":[31,55,67,87],"class_list":["post-58","post","type-post","status-publish","format-standard","hentry","category-logiciels-libres","category-societe","tag-aurelie-charon","tag-esprit-critique","tag-france-inter","tag-logiciel-libre"],"jetpack_featured_media_url":"","jetpack_sharing_enabled":true,"_links":{"self":[{"href":"https:\/\/blogs.nbox.org\/ze\/wp-json\/wp\/v2\/posts\/58","targetHints":{"allow":["GET"]}}],"collection":[{"href":"https:\/\/blogs.nbox.org\/ze\/wp-json\/wp\/v2\/posts"}],"about":[{"href":"https:\/\/blogs.nbox.org\/ze\/wp-json\/wp\/v2\/types\/post"}],"author":[{"embeddable":true,"href":"https:\/\/blogs.nbox.org\/ze\/wp-json\/wp\/v2\/users\/1"}],"replies":[{"embeddable":true,"href":"https:\/\/blogs.nbox.org\/ze\/wp-json\/wp\/v2\/comments?post=58"}],"version-history":[{"count":0,"href":"https:\/\/blogs.nbox.org\/ze\/wp-json\/wp\/v2\/posts\/58\/revisions"}],"wp:attachment":[{"href":"https:\/\/blogs.nbox.org\/ze\/wp-json\/wp\/v2\/media?parent=58"}],"wp:term":[{"taxonomy":"category","embeddable":true,"href":"https:\/\/blogs.nbox.org\/ze\/wp-json\/wp\/v2\/categories?post=58"},{"taxonomy":"post_tag","embeddable":true,"href":"https:\/\/blogs.nbox.org\/ze\/wp-json\/wp\/v2\/tags?post=58"}],"curies":[{"name":"wp","href":"https:\/\/api.w.org\/{rel}","templated":true}]}}